{"id":5678,"date":"2019-11-26T16:37:31","date_gmt":"2019-11-26T15:37:31","guid":{"rendered":"https:\/\/www.trimlinefires.com\/capacite-thermique\/"},"modified":"2019-12-18T12:09:06","modified_gmt":"2019-12-18T11:09:06","slug":"capacite-thermique","status":"publish","type":"post","link":"https:\/\/www.trimlinefires.com\/fr\/capacite-thermique\/","title":{"rendered":"Capacit\u00e9 thermique"},"content":{"rendered":"[vc_row type=&#8221;in_container&#8221; full_screen_row_position=&#8221;middle&#8221; scene_position=&#8221;center&#8221; text_color=&#8221;dark&#8221; text_align=&#8221;left&#8221; overlay_strength=&#8221;0.3&#8243; shape_divider_position=&#8221;bottom&#8221;][vc_column column_padding=&#8221;no-extra-padding&#8221; column_padding_position=&#8221;all&#8221; background_color_opacity=&#8221;1&#8243; background_hover_color_opacity=&#8221;1&#8243; column_link_target=&#8221;_self&#8221; column_shadow=&#8221;none&#8221; column_border_radius=&#8221;none&#8221; width=&#8221;1\/1&#8243; tablet_width_inherit=&#8221;default&#8221; tablet_text_alignment=&#8221;default&#8221; phone_text_alignment=&#8221;default&#8221; column_border_width=&#8221;none&#8221; column_border_style=&#8221;solid&#8221;][vc_column_text]Lors de l&#8217;achat d&#8217;un foyer \u00e0 gaz Trimline Fires, vous pouvez d\u00e9terminer la capacit\u00e9 thermique n\u00e9cessaire. Les foyers \u00e0 gaz sont souvent utilis\u00e9s comme chauffage (d&#8217;appoint) pendant les p\u00e9riodes les plus froides de l&#8217;ann\u00e9e. En mesurant la capacit\u00e9 de l&#8217;espace d&#8217;installation et en utilisant le tableau ci-dessous, vous pouvez d\u00e9terminer facilement la capacit\u00e9 thermique n\u00e9cessaire.[\/vc_column_text][\/vc_column][\/vc_row][vc_row type=&#8221;in_container&#8221; full_screen_row_position=&#8221;middle&#8221; scene_position=&#8221;center&#8221; text_color=&#8221;dark&#8221; text_align=&#8221;left&#8221; overlay_strength=&#8221;0.3&#8243; shape_divider_position=&#8221;bottom&#8221;][vc_column column_padding=&#8221;no-extra-padding&#8221; column_padding_position=&#8221;all&#8221; background_color_opacity=&#8221;1&#8243; background_hover_color_opacity=&#8221;1&#8243; column_link_target=&#8221;_self&#8221; column_shadow=&#8221;none&#8221; column_border_radius=&#8221;none&#8221; width=&#8221;1\/1&#8243; tablet_width_inherit=&#8221;default&#8221; tablet_text_alignment=&#8221;default&#8221; phone_text_alignment=&#8221;default&#8221; column_border_width=&#8221;none&#8221; column_border_style=&#8221;solid&#8221;][image_with_animation image_url=&#8221;2827&#8243; alignment=&#8221;&#8221; animation=&#8221;Fade In&#8221; border_radius=&#8221;none&#8221; box_shadow=&#8221;none&#8221; max_width=&#8221;100%&#8221;][\/vc_column][\/vc_row][vc_row type=&#8221;in_container&#8221; full_screen_row_position=&#8221;middle&#8221; scene_position=&#8221;center&#8221; text_color=&#8221;dark&#8221; text_align=&#8221;left&#8221; overlay_strength=&#8221;0.3&#8243; shape_divider_position=&#8221;bottom&#8221;][vc_column column_padding=&#8221;no-extra-padding&#8221; column_padding_position=&#8221;all&#8221; background_color_opacity=&#8221;1&#8243; background_hover_color_opacity=&#8221;1&#8243; column_link_target=&#8221;_self&#8221; column_shadow=&#8221;none&#8221; column_border_radius=&#8221;none&#8221; width=&#8221;1\/1&#8243; tablet_width_inherit=&#8221;default&#8221; tablet_text_alignment=&#8221;default&#8221; phone_text_alignment=&#8221;default&#8221; column_border_width=&#8221;none&#8221; column_border_style=&#8221;solid&#8221;][vc_column_text]A = habitation avec double vitrage et isolation murale et du sol ;<br \/>\nB = habitation avec double vitrage et isolation moyenne (construite \u00b1 1974 &#8211; 1980 ou habitation plus ancienne r\u00e9nov\u00e9e)<br \/>\nC = habitation non ou peu isol\u00e9e[\/vc_column_text][\/vc_column][\/vc_row]\n","protected":false},"excerpt":{"rendered":"<p>Lors de l&#8217;achat d&#8217;un foyer \u00e0 gaz Trimline Fires, vous pouvez d\u00e9terminer la capacit\u00e9 thermique n\u00e9cessaire.<\/p>\n","protected":false},"author":1,"featured_media":5682,"comment_status":"closed","ping_status":"closed","sticky":false,"template":"","format":"standard","meta":{"inline_featured_image":false,"footnotes":""},"categories":[104],"tags":[],"class_list":{"0":"post-5678","1":"post","2":"type-post","3":"status-publish","4":"format-standard","5":"has-post-thumbnail","7":"category-innovation-et-technique"},"yoast_head":"<!-- This site is optimized with the Yoast SEO plugin v27.0 - https:\/\/yoast.com\/product\/yoast-seo-wordpress\/ -->\n<title>Capacit\u00e9 thermique - Trimline Fires<\/title>\n<meta name=\"robots\" content=\"index, follow, max-snippet:-1, max-image-preview:large, max-video-preview:-1\" \/>\n<link rel=\"canonical\" href=\"https:\/\/www.trimlinefires.com\/fr\/capacite-thermique\/\" \/>\n<meta property=\"og:locale\" content=\"fr_FR\" \/>\n<meta property=\"og:type\" content=\"article\" \/>\n<meta property=\"og:title\" content=\"Capacit\u00e9 thermique - Trimline Fires\" \/>\n<meta property=\"og:description\" content=\"Lors de l&#039;achat d&#039;un foyer \u00e0 gaz Trimline Fires, vous pouvez d\u00e9terminer la capacit\u00e9 thermique n\u00e9cessaire.\" \/>\n<meta property=\"og:url\" content=\"https:\/\/www.trimlinefires.com\/fr\/capacite-thermique\/\" \/>\n<meta property=\"og:site_name\" content=\"Trimline Fires\" \/>\n<meta property=\"article:published_time\" content=\"2019-11-26T15:37:31+00:00\" \/>\n<meta property=\"article:modified_time\" content=\"2019-12-18T11:09:06+00:00\" \/>\n<meta property=\"og:image\" content=\"https:\/\/www.trimlinefires.com\/app\/uploads\/2019\/06\/Trimline-100-Panorama-11-1.jpg\" \/>\n\t<meta property=\"og:image:width\" content=\"700\" \/>\n\t<meta property=\"og:image:height\" content=\"466\" \/>\n\t<meta property=\"og:image:type\" content=\"image\/jpeg\" \/>\n<meta name=\"author\" content=\"e-difference\" \/>\n<meta name=\"twitter:card\" content=\"summary_large_image\" \/>\n<meta name=\"twitter:label1\" content=\"Written by\" \/>\n\t<meta name=\"twitter:data1\" content=\"e-difference\" \/>\n\t<meta name=\"twitter:label2\" content=\"Est. reading time\" \/>\n\t<meta name=\"twitter:data2\" content=\"2 minutes\" \/>\n<script type=\"application\/ld+json\" class=\"yoast-schema-graph\">{\"@context\":\"https:\/\/schema.org\",\"@graph\":[{\"@type\":\"Article\",\"@id\":\"https:\/\/www.trimlinefires.com\/fr\/capacite-thermique\/#article\",\"isPartOf\":{\"@id\":\"https:\/\/www.trimlinefires.com\/fr\/capacite-thermique\/\"},\"author\":{\"name\":\"e-difference\",\"@id\":\"https:\/\/www.trimlinefires.com\/fr\/#\/schema\/person\/8795b74ec9b54d84b6cb03c08a0feb49\"},\"headline\":\"Capacit\u00e9 thermique\",\"datePublished\":\"2019-11-26T15:37:31+00:00\",\"dateModified\":\"2019-12-18T11:09:06+00:00\",\"mainEntityOfPage\":{\"@id\":\"https:\/\/www.trimlinefires.com\/fr\/capacite-thermique\/\"},\"wordCount\":363,\"publisher\":{\"@id\":\"https:\/\/www.trimlinefires.com\/fr\/#organization\"},\"image\":{\"@id\":\"https:\/\/www.trimlinefires.com\/fr\/capacite-thermique\/#primaryimage\"},\"thumbnailUrl\":\"https:\/\/www.trimlinefires.com\/app\/uploads\/2019\/06\/Trimline-100-Panorama-11-1.jpg\",\"articleSection\":[\"Innovation et technique\"],\"inLanguage\":\"fr-FR\"},{\"@type\":\"WebPage\",\"@id\":\"https:\/\/www.trimlinefires.com\/fr\/capacite-thermique\/\",\"url\":\"https:\/\/www.trimlinefires.com\/fr\/capacite-thermique\/\",\"name\":\"Capacit\u00e9 thermique - Trimline Fires\",\"isPartOf\":{\"@id\":\"https:\/\/www.trimlinefires.com\/fr\/#website\"},\"primaryImageOfPage\":{\"@id\":\"https:\/\/www.trimlinefires.com\/fr\/capacite-thermique\/#primaryimage\"},\"image\":{\"@id\":\"https:\/\/www.trimlinefires.com\/fr\/capacite-thermique\/#primaryimage\"},\"thumbnailUrl\":\"https:\/\/www.trimlinefires.com\/app\/uploads\/2019\/06\/Trimline-100-Panorama-11-1.jpg\",\"datePublished\":\"2019-11-26T15:37:31+00:00\",\"dateModified\":\"2019-12-18T11:09:06+00:00\",\"breadcrumb\":{\"@id\":\"https:\/\/www.trimlinefires.com\/fr\/capacite-thermique\/#breadcrumb\"},\"inLanguage\":\"fr-FR\",\"potentialAction\":[{\"@type\":\"ReadAction\",\"target\":[\"https:\/\/www.trimlinefires.com\/fr\/capacite-thermique\/\"]}]},{\"@type\":\"ImageObject\",\"inLanguage\":\"fr-FR\",\"@id\":\"https:\/\/www.trimlinefires.com\/fr\/capacite-thermique\/#primaryimage\",\"url\":\"https:\/\/www.trimlinefires.com\/app\/uploads\/2019\/06\/Trimline-100-Panorama-11-1.jpg\",\"contentUrl\":\"https:\/\/www.trimlinefires.com\/app\/uploads\/2019\/06\/Trimline-100-Panorama-11-1.jpg\",\"width\":700,\"height\":466},{\"@type\":\"BreadcrumbList\",\"@id\":\"https:\/\/www.trimlinefires.com\/fr\/capacite-thermique\/#breadcrumb\",\"itemListElement\":[{\"@type\":\"ListItem\",\"position\":1,\"name\":\"Home\",\"item\":\"https:\/\/www.trimlinefires.com\/fr\/\"},{\"@type\":\"ListItem\",\"position\":2,\"name\":\"Capacit\u00e9 thermique\"}]},{\"@type\":\"WebSite\",\"@id\":\"https:\/\/www.trimlinefires.com\/fr\/#website\",\"url\":\"https:\/\/www.trimlinefires.com\/fr\/\",\"name\":\"Trimline Fires\",\"description\":\"Fire by Trimline\",\"publisher\":{\"@id\":\"https:\/\/www.trimlinefires.com\/fr\/#organization\"},\"potentialAction\":[{\"@type\":\"SearchAction\",\"target\":{\"@type\":\"EntryPoint\",\"urlTemplate\":\"https:\/\/www.trimlinefires.com\/fr\/?s={search_term_string}\"},\"query-input\":{\"@type\":\"PropertyValueSpecification\",\"valueRequired\":true,\"valueName\":\"search_term_string\"}}],\"inLanguage\":\"fr-FR\"},{\"@type\":\"Organization\",\"@id\":\"https:\/\/www.trimlinefires.com\/fr\/#organization\",\"name\":\"Trimline Fires\",\"url\":\"https:\/\/www.trimlinefires.com\/fr\/\",\"logo\":{\"@type\":\"ImageObject\",\"inLanguage\":\"fr-FR\",\"@id\":\"https:\/\/www.trimlinefires.com\/fr\/#\/schema\/logo\/image\/\",\"url\":\"https:\/\/www.trimlinefires.com\/app\/uploads\/2020\/01\/trimline-logo-black.png\",\"contentUrl\":\"https:\/\/www.trimlinefires.com\/app\/uploads\/2020\/01\/trimline-logo-black.png\",\"width\":200,\"height\":108,\"caption\":\"Trimline Fires\"},\"image\":{\"@id\":\"https:\/\/www.trimlinefires.com\/fr\/#\/schema\/logo\/image\/\"}},{\"@type\":\"Person\",\"@id\":\"https:\/\/www.trimlinefires.com\/fr\/#\/schema\/person\/8795b74ec9b54d84b6cb03c08a0feb49\",\"name\":\"e-difference\",\"image\":{\"@type\":\"ImageObject\",\"inLanguage\":\"fr-FR\",\"@id\":\"https:\/\/www.trimlinefires.com\/fr\/#\/schema\/person\/image\/\",\"url\":\"https:\/\/secure.gravatar.com\/avatar\/23286d1655ef334c1795d5b72712dbc3aad7d27ff74f9f0f912ef575f94577a5?s=96&d=mm&r=g\",\"contentUrl\":\"https:\/\/secure.gravatar.com\/avatar\/23286d1655ef334c1795d5b72712dbc3aad7d27ff74f9f0f912ef575f94577a5?s=96&d=mm&r=g\",\"caption\":\"e-difference\"}}]}<\/script>\n<!-- \/ Yoast SEO plugin. -->","yoast_head_json":{"title":"Capacit\u00e9 thermique - Trimline Fires","robots":{"index":"index","follow":"follow","max-snippet":"max-snippet:-1","max-image-preview":"max-image-preview:large","max-video-preview":"max-video-preview:-1"},"canonical":"https:\/\/www.trimlinefires.com\/fr\/capacite-thermique\/","og_locale":"fr_FR","og_type":"article","og_title":"Capacit\u00e9 thermique - Trimline Fires","og_description":"Lors de l'achat d'un foyer \u00e0 gaz Trimline Fires, vous pouvez d\u00e9terminer la capacit\u00e9 thermique n\u00e9cessaire.","og_url":"https:\/\/www.trimlinefires.com\/fr\/capacite-thermique\/","og_site_name":"Trimline Fires","article_published_time":"2019-11-26T15:37:31+00:00","article_modified_time":"2019-12-18T11:09:06+00:00","og_image":[{"width":700,"height":466,"url":"https:\/\/www.trimlinefires.com\/app\/uploads\/2019\/06\/Trimline-100-Panorama-11-1.jpg","type":"image\/jpeg"}],"author":"e-difference","twitter_card":"summary_large_image","twitter_misc":{"Written by":"e-difference","Est. reading time":"2 minutes"},"schema":{"@context":"https:\/\/schema.org","@graph":[{"@type":"Article","@id":"https:\/\/www.trimlinefires.com\/fr\/capacite-thermique\/#article","isPartOf":{"@id":"https:\/\/www.trimlinefires.com\/fr\/capacite-thermique\/"},"author":{"name":"e-difference","@id":"https:\/\/www.trimlinefires.com\/fr\/#\/schema\/person\/8795b74ec9b54d84b6cb03c08a0feb49"},"headline":"Capacit\u00e9 thermique","datePublished":"2019-11-26T15:37:31+00:00","dateModified":"2019-12-18T11:09:06+00:00","mainEntityOfPage":{"@id":"https:\/\/www.trimlinefires.com\/fr\/capacite-thermique\/"},"wordCount":363,"publisher":{"@id":"https:\/\/www.trimlinefires.com\/fr\/#organization"},"image":{"@id":"https:\/\/www.trimlinefires.com\/fr\/capacite-thermique\/#primaryimage"},"thumbnailUrl":"https:\/\/www.trimlinefires.com\/app\/uploads\/2019\/06\/Trimline-100-Panorama-11-1.jpg","articleSection":["Innovation et technique"],"inLanguage":"fr-FR"},{"@type":"WebPage","@id":"https:\/\/www.trimlinefires.com\/fr\/capacite-thermique\/","url":"https:\/\/www.trimlinefires.com\/fr\/capacite-thermique\/","name":"Capacit\u00e9 thermique - Trimline Fires","isPartOf":{"@id":"https:\/\/www.trimlinefires.com\/fr\/#website"},"primaryImageOfPage":{"@id":"https:\/\/www.trimlinefires.com\/fr\/capacite-thermique\/#primaryimage"},"image":{"@id":"https:\/\/www.trimlinefires.com\/fr\/capacite-thermique\/#primaryimage"},"thumbnailUrl":"https:\/\/www.trimlinefires.com\/app\/uploads\/2019\/06\/Trimline-100-Panorama-11-1.jpg","datePublished":"2019-11-26T15:37:31+00:00","dateModified":"2019-12-18T11:09:06+00:00","breadcrumb":{"@id":"https:\/\/www.trimlinefires.com\/fr\/capacite-thermique\/#breadcrumb"},"inLanguage":"fr-FR","potentialAction":[{"@type":"ReadAction","target":["https:\/\/www.trimlinefires.com\/fr\/capacite-thermique\/"]}]},{"@type":"ImageObject","inLanguage":"fr-FR","@id":"https:\/\/www.trimlinefires.com\/fr\/capacite-thermique\/#primaryimage","url":"https:\/\/www.trimlinefires.com\/app\/uploads\/2019\/06\/Trimline-100-Panorama-11-1.jpg","contentUrl":"https:\/\/www.trimlinefires.com\/app\/uploads\/2019\/06\/Trimline-100-Panorama-11-1.jpg","width":700,"height":466},{"@type":"BreadcrumbList","@id":"https:\/\/www.trimlinefires.com\/fr\/capacite-thermique\/#breadcrumb","itemListElement":[{"@type":"ListItem","position":1,"name":"Home","item":"https:\/\/www.trimlinefires.com\/fr\/"},{"@type":"ListItem","position":2,"name":"Capacit\u00e9 thermique"}]},{"@type":"WebSite","@id":"https:\/\/www.trimlinefires.com\/fr\/#website","url":"https:\/\/www.trimlinefires.com\/fr\/","name":"Trimline Fires","description":"Fire by Trimline","publisher":{"@id":"https:\/\/www.trimlinefires.com\/fr\/#organization"},"potentialAction":[{"@type":"SearchAction","target":{"@type":"EntryPoint","urlTemplate":"https:\/\/www.trimlinefires.com\/fr\/?s={search_term_string}"},"query-input":{"@type":"PropertyValueSpecification","valueRequired":true,"valueName":"search_term_string"}}],"inLanguage":"fr-FR"},{"@type":"Organization","@id":"https:\/\/www.trimlinefires.com\/fr\/#organization","name":"Trimline Fires","url":"https:\/\/www.trimlinefires.com\/fr\/","logo":{"@type":"ImageObject","inLanguage":"fr-FR","@id":"https:\/\/www.trimlinefires.com\/fr\/#\/schema\/logo\/image\/","url":"https:\/\/www.trimlinefires.com\/app\/uploads\/2020\/01\/trimline-logo-black.png","contentUrl":"https:\/\/www.trimlinefires.com\/app\/uploads\/2020\/01\/trimline-logo-black.png","width":200,"height":108,"caption":"Trimline Fires"},"image":{"@id":"https:\/\/www.trimlinefires.com\/fr\/#\/schema\/logo\/image\/"}},{"@type":"Person","@id":"https:\/\/www.trimlinefires.com\/fr\/#\/schema\/person\/8795b74ec9b54d84b6cb03c08a0feb49","name":"e-difference","image":{"@type":"ImageObject","inLanguage":"fr-FR","@id":"https:\/\/www.trimlinefires.com\/fr\/#\/schema\/person\/image\/","url":"https:\/\/secure.gravatar.com\/avatar\/23286d1655ef334c1795d5b72712dbc3aad7d27ff74f9f0f912ef575f94577a5?s=96&d=mm&r=g","contentUrl":"https:\/\/secure.gravatar.com\/avatar\/23286d1655ef334c1795d5b72712dbc3aad7d27ff74f9f0f912ef575f94577a5?s=96&d=mm&r=g","caption":"e-difference"}}]}},"_links":{"self":[{"href":"https:\/\/www.trimlinefires.com\/fr\/wp-json\/wp\/v2\/posts\/5678","targetHints":{"allow":["GET"]}}],"collection":[{"href":"https:\/\/www.trimlinefires.com\/fr\/wp-json\/wp\/v2\/posts"}],"about":[{"href":"https:\/\/www.trimlinefires.com\/fr\/wp-json\/wp\/v2\/types\/post"}],"author":[{"embeddable":true,"href":"https:\/\/www.trimlinefires.com\/fr\/wp-json\/wp\/v2\/users\/1"}],"replies":[{"embeddable":true,"href":"https:\/\/www.trimlinefires.com\/fr\/wp-json\/wp\/v2\/comments?post=5678"}],"version-history":[{"count":0,"href":"https:\/\/www.trimlinefires.com\/fr\/wp-json\/wp\/v2\/posts\/5678\/revisions"}],"wp:featuredmedia":[{"embeddable":true,"href":"https:\/\/www.trimlinefires.com\/fr\/wp-json\/wp\/v2\/media\/5682"}],"wp:attachment":[{"href":"https:\/\/www.trimlinefires.com\/fr\/wp-json\/wp\/v2\/media?parent=5678"}],"wp:term":[{"taxonomy":"category","embeddable":true,"href":"https:\/\/www.trimlinefires.com\/fr\/wp-json\/wp\/v2\/categories?post=5678"},{"taxonomy":"post_tag","embeddable":true,"href":"https:\/\/www.trimlinefires.com\/fr\/wp-json\/wp\/v2\/tags?post=5678"}],"curies":[{"name":"wp","href":"https:\/\/api.w.org\/{rel}","templated":true}]}}